{"id":943,"date":"2023-11-08T12:36:02","date_gmt":"2023-11-08T12:36:02","guid":{"rendered":"https:\/\/fw-nk.de\/?p=943"},"modified":"2023-11-08T12:36:02","modified_gmt":"2023-11-08T12:36:02","slug":"vorschlaege-zur-nutzung-des-alten-kaufhofgebaeudes","status":"publish","type":"post","link":"https:\/\/fw-nk.de\/index.php\/2023\/11\/08\/vorschlaege-zur-nutzung-des-alten-kaufhofgebaeudes\/","title":{"rendered":"Vorschl\u00e4ge zur Nutzung des alten Kaufhofgeb\u00e4udes"},"content":{"rendered":"<div class=\"xdj266r x11i5rnm xat24cr x1mh8g0r x1vvkbs x126k92a\">\n<div dir=\"auto\"><strong>FREIE W\u00c4HLER Neunkirchen unterbreiten konkrete Vorschl\u00e4ge zur Nutzung des alten Kaufhofgeb\u00e4udes <img loading=\"lazy\" decoding=\"async\" class=\"alignright\" src=\"https:\/\/fw-nk.de\/wp-content\/uploads\/2019\/09\/FB-Butten.jpg\" alt=\"Freie W\u00e4hler Neunkirchen e.V.\" width=\"208\" height=\"120\" \/><br \/>\n<\/strong><\/div>\n<\/div>\n<div class=\"x11i5rnm xat24cr x1mh8g0r x1vvkbs xtlvy1s x126k92a\">\n<div dir=\"auto\"><\/div>\n<div dir=\"auto\">Noch immer ist unklar, wie die Fl\u00e4che des ehemaligen Kaufhofgeb\u00e4udes in Zukunft genutzt wird. Wir <a class=\"x1i10hfl xjbqb8w x6umtig x1b1mbwd xaqea5y xav7gou x9f619 x1ypdohk xt0psk2 xe8uvvx xdj266r x11i5rnm xat24cr x1mh8g0r xexx8yu x4uap5 x18d9i69 xkhd6sd x16tdsg8 x1hl2dhg xggy1nq x1a2a7pz xt0b8zv x1qq9wsj xo1l8bm\" tabindex=\"0\" role=\"link\" href=\"https:\/\/www.facebook.com\/FreieWaehlerNK?__cft__[0]=AZUv1GtUXwO_IxeevAwmjzHqEzzka9I7cYqNUKrPpoAemHkU8FZEXF1CDcA4h2H2u4EHNjS9kdRgeNyZWerdFK5_kzN0YXs7OdDdyiIgNIqnMw16Cnn25EHngFtfbIr28pGUEk9XyhrrQHGxskbpZPzpa7-VKrEzPAHXmZhl8pdYPW-Mks4Fw4kUwNeAPRJe5tA&amp;__tn__=-]K-R\"><span class=\"xt0psk2\">Freie W\u00e4hler Neunkirchen e.V.<\/span><\/a> haben uns mit der Frage besch\u00e4ftigt, wie man das Gel\u00e4nde in Zukunft nutzen k\u00f6nnte und hierzu einige konkrete Vorschl\u00e4ge. Neben einer m\u00f6glichen Ansiedelung von Beh\u00f6rden k\u00f6nnen wir uns am ehemaligen Kaufhofstandort einen Info-Point vorstellen, der als Anlaufstelle f\u00fcr Touristen und B\u00fcrger dient. Hier k\u00f6nnte man sich \u00fcber VHS-Kurse, kulturelle und touristische Angebote erkundigen, sowie ein Ticketverkauf f\u00fcr Events anbieten. Au\u00dferdem g\u00e4be es die M\u00f6glichkeit, sich \u00fcber F\u00fchrungen des H\u00fcttenwegs sowie dem Ellenfeld-Stadion zu informieren oder allgemeine Fragen und Anliegen zu kl\u00e4ren.<\/div>\n<\/div>\n<div class=\"x11i5rnm xat24cr x1mh8g0r x1vvkbs xtlvy1s x126k92a\">\n<div dir=\"auto\">Weiterhin k\u00f6nnen wir uns ein st\u00e4dtisches Heimatmuseum an dem Standort vorstellen. Hier k\u00f6nnte dann auch der Historische Verein Neunkirchen beheimatet werden. Dadurch w\u00e4re das kulturelle Angebot in der Stadt erweitert. B\u00fcrger, Touristen, aber auch k\u00fcnftige Generationen von Neunkirchen h\u00e4tten dann eine M\u00f6glichkeit, die vielf\u00e4ltige Geschichte von Neunkirchen zu entdecken. Bei der Erstellung eines neuen Nutzungskonzeptes sollte die Unterbringung der City-Wache, aber auch das Angebot von kleinen L\u00e4den oder weiterer Gastronomen mit in Betracht gezogen werden.<\/div>\n<\/div>\n<div class=\"x11i5rnm xat24cr x1mh8g0r x1vvkbs xtlvy1s x126k92a\">\n<div dir=\"auto\">\u201eUnsere Vorschl\u00e4ge k\u00f6nnten ein wichtiger Beitrag zur Umsetzung eines Multifunktionsortes werden, an dem die Menschen leben, arbeiten und ihre Freizeit verbringen k\u00f6nnten. Dies w\u00fcrde die<\/div>\n<div dir=\"auto\">Neunkircher Innenstadt wieder aufwerten. Zudem k\u00f6nnte man Zusch\u00fcsse f\u00fcr eine \u201e\u00f6ffentliche Nutzung\u201c beantragen. Bei der Erstellung eines Nutzungskonzeptes sollte man aber auch die B\u00fcrger im Rahmen eines Planungswettbewerb mit einbeziehen\u201c so der Vorsitzende Brandon Lee Posse.<\/div>\n<\/div>\n<div dir=\"auto\"><\/div>\n<div dir=\"auto\">Pressemitteilung<\/div>\n<div dir=\"auto\"><img loading=\"lazy\" decoding=\"async\" class=\"aligncenter\" src=\"https:\/\/tsimg.cloud\/67234-12361\/4d261867d09f0580971b6b1aee248094ba7d9888_fwebp-h500-w500.jpg?_\" alt=\"Vorschl\u00e4ge zur Nutzung des alten Kaufhofgeb\u00e4udes\" width=\"329\" height=\"329\" \/><\/div>\n","protected":false},"excerpt":{"rendered":"<div class=\"mh-excerpt\"><p>FREIE W\u00c4HLER Neunkirchen unterbreiten konkrete Vorschl\u00e4ge zur Nutzung des alten Kaufhofgeb\u00e4udes Noch immer ist unklar, wie die Fl\u00e4che des ehemaligen Kaufhofgeb\u00e4udes in Zukunft genutzt wird. <a class=\"mh-excerpt-more\" href=\"https:\/\/fw-nk.de\/index.php\/2023\/11\/08\/vorschlaege-zur-nutzung-des-alten-kaufhofgebaeudes\/\" title=\"Vorschl\u00e4ge zur Nutzung des alten Kaufhofgeb\u00e4udes\">[&#8230;]<\/a><\/p>\n<div class=\"shariff shariff-align-flex-start shariff-widget-align-flex-start\" data-services=\"facebook\" data-url=\"https%3A%2F%2Ffw-nk.de%2Findex.php%2F2023%2F11%2F08%2Fvorschlaege-zur-nutzung-des-alten-kaufhofgebaeudes%2F\" data-timestamp=\"1699446962\" data-hidezero=\"1\" data-backendurl=\"https:\/\/fw-nk.de\/wp-json\/shariff\/v1\/share_counts?\"><ul class=\"shariff-buttons theme-round orientation-horizontal buttonsize-small\"><li class=\"shariff-button mastodon shariff-nocustomcolor\" style=\"background-color:#563ACC\"><a href=\"https:\/\/s2f.kytta.dev\/?text=Vorschl%C3%A4ge%20zur%20Nutzung%20des%20alten%20Kaufhofgeb%C3%A4udes https%3A%2F%2Ffw-nk.de%2Findex.php%2F2023%2F11%2F08%2Fvorschlaege-zur-nutzung-des-alten-kaufhofgebaeudes%2F\" title=\"Bei Mastodon teilen\" aria-label=\"Bei Mastodon teilen\" role=\"button\" rel=\"noopener nofollow\" class=\"shariff-link\" style=\"; background-color:#6364FF; color:#fff\" target=\"_blank\"><span class=\"shariff-icon\" style=\"\"><svg width=\"75\" height=\"79\" viewBox=\"0 0 75 79\" fill=\"none\" xmlns=\"http:\/\/www.w3.org\/2000\/svg\"><path d=\"M37.813-.025C32.462-.058 27.114.13 21.79.598c-8.544.621-17.214 5.58-20.203 13.931C-1.12 23.318.408 32.622.465 41.65c.375 7.316.943 14.78 3.392 21.73 4.365 9.465 14.781 14.537 24.782 15.385 7.64.698 15.761-.213 22.517-4.026a54.1 54.1 0 0 0 .01-6.232c-6.855 1.316-14.101 2.609-21.049 1.074-3.883-.88-6.876-4.237-7.25-8.215-1.53-3.988 3.78-.43 5.584-.883 9.048 1.224 18.282.776 27.303-.462 7.044-.837 14.26-4.788 16.65-11.833 2.263-6.135 1.215-12.79 1.698-19.177.06-3.84.09-7.692-.262-11.52C72.596 7.844 63.223.981 53.834.684a219.453 219.453 0 0 0-16.022-.71zm11.294 12.882c5.5-.067 10.801 4.143 11.67 9.653.338 1.48.471 3 .471 4.515v21.088h-8.357c-.07-7.588.153-15.182-.131-22.765-.587-4.368-7.04-5.747-9.672-2.397-2.422 3.04-1.47 7.155-1.67 10.735v6.392h-8.307c-.146-4.996.359-10.045-.404-15.002-1.108-4.218-7.809-5.565-10.094-1.666-1.685 3.046-.712 6.634-.976 9.936v14.767h-8.354c.109-8.165-.238-16.344.215-24.5.674-5.346 5.095-10.389 10.676-10.627 4.902-.739 10.103 2.038 12.053 6.631.375 1.435 1.76 1.932 1.994.084 1.844-3.704 5.501-6.739 9.785-6.771.367-.044.735-.068 1.101-.073z\"\/><defs><linearGradient id=\"paint0_linear_549_34\" x1=\"37.0692\" y1=\"0\" x2=\"37.0692\" y2=\"79\" gradientUnits=\"userSpaceOnUse\"><stop stop-color=\"#6364FF\"\/><stop offset=\"1\" stop-color=\"#563ACC\"\/><\/linearGradient><\/defs><\/svg><\/span><\/a><\/li><li class=\"shariff-button facebook shariff-nocustomcolor\" style=\"background-color:#4273c8\"><a href=\"https:\/\/www.facebook.com\/sharer\/sharer.php?u=https%3A%2F%2Ffw-nk.de%2Findex.php%2F2023%2F11%2F08%2Fvorschlaege-zur-nutzung-des-alten-kaufhofgebaeudes%2F\" title=\"Bei Facebook teilen\" aria-label=\"Bei Facebook teilen\" role=\"button\" rel=\"nofollow\" class=\"shariff-link\" style=\"; background-color:#3b5998; color:#fff\" target=\"_blank\"><span class=\"shariff-icon\" style=\"\"><svg width=\"32px\" height=\"20px\" xmlns=\"http:\/\/www.w3.org\/2000\/svg\" viewBox=\"0 0 18 32\"><path fill=\"#3b5998\" d=\"M17.1 0.2v4.7h-2.8q-1.5 0-2.1 0.6t-0.5 1.9v3.4h5.2l-0.7 5.3h-4.5v13.6h-5.5v-13.6h-4.5v-5.3h4.5v-3.9q0-3.3 1.9-5.2t5-1.8q2.6 0 4.1 0.2z\"\/><\/svg><\/span><\/a><\/li><li class=\"shariff-button linkedin shariff-nocustomcolor\" style=\"background-color:#1488bf\"><a href=\"https:\/\/www.linkedin.com\/sharing\/share-offsite\/?url=https%3A%2F%2Ffw-nk.de%2Findex.php%2F2023%2F11%2F08%2Fvorschlaege-zur-nutzung-des-alten-kaufhofgebaeudes%2F\" title=\"Bei LinkedIn teilen\" aria-label=\"Bei LinkedIn teilen\" role=\"button\" rel=\"noopener nofollow\" class=\"shariff-link\" style=\"; background-color:#0077b5; color:#fff\" target=\"_blank\"><span class=\"shariff-icon\" style=\"\"><svg width=\"32px\" height=\"20px\" xmlns=\"http:\/\/www.w3.org\/2000\/svg\" viewBox=\"0 0 27 32\"><path fill=\"#0077b5\" d=\"M6.2 11.2v17.7h-5.9v-17.7h5.9zM6.6 5.7q0 1.3-0.9 2.2t-2.4 0.9h0q-1.5 0-2.4-0.9t-0.9-2.2 0.9-2.2 2.4-0.9 2.4 0.9 0.9 2.2zM27.4 18.7v10.1h-5.9v-9.5q0-1.9-0.7-2.9t-2.3-1.1q-1.1 0-1.9 0.6t-1.2 1.5q-0.2 0.5-0.2 1.4v9.9h-5.9q0-7.1 0-11.6t0-5.3l0-0.9h5.9v2.6h0q0.4-0.6 0.7-1t1-0.9 1.6-0.8 2-0.3q3 0 4.9 2t1.9 6z\"\/><\/svg><\/span><\/a><\/li><li class=\"shariff-button info shariff-nocustomcolor\" style=\"background-color:#eee\"><a href=\"http:\/\/ct.de\/-2467514\" title=\"Weitere Informationen\" aria-label=\"Weitere Informationen\" role=\"button\" rel=\"noopener \" class=\"shariff-link\" style=\"; background-color:#fff; color:#fff\" target=\"_blank\"><span class=\"shariff-icon\" style=\"\"><svg width=\"32px\" height=\"20px\" xmlns=\"http:\/\/www.w3.org\/2000\/svg\" viewBox=\"0 0 11 32\"><path fill=\"#999\" d=\"M11.4 24v2.3q0 0.5-0.3 0.8t-0.8 0.4h-9.1q-0.5 0-0.8-0.4t-0.4-0.8v-2.3q0-0.5 0.4-0.8t0.8-0.4h1.1v-6.8h-1.1q-0.5 0-0.8-0.4t-0.4-0.8v-2.3q0-0.5 0.4-0.8t0.8-0.4h6.8q0.5 0 0.8 0.4t0.4 0.8v10.3h1.1q0.5 0 0.8 0.4t0.3 0.8zM9.2 3.4v3.4q0 0.5-0.4 0.8t-0.8 0.4h-4.6q-0.4 0-0.8-0.4t-0.4-0.8v-3.4q0-0.4 0.4-0.8t0.8-0.4h4.6q0.5 0 0.8 0.4t0.4 0.8z\"\/><\/svg><\/span><\/a><\/li><\/ul><\/div><\/div>","protected":false},"author":1,"featured_media":0,"comment_status":"closed","ping_status":"closed","sticky":false,"template":"","format":"standard","meta":{"footnotes":""},"categories":[38,21,5],"tags":[11,9,7],"class_list":["post-943","post","type-post","status-publish","format-standard","hentry","category-alle-meldungen","category-anfragen-antworten","category-pressemeldungen","tag-neunkirchen","tag-ortsverein","tag-politik"],"_links":{"self":[{"href":"https:\/\/fw-nk.de\/index.php\/wp-json\/wp\/v2\/posts\/943","targetHints":{"allow":["GET"]}}],"collection":[{"href":"https:\/\/fw-nk.de\/index.php\/wp-json\/wp\/v2\/posts"}],"about":[{"href":"https:\/\/fw-nk.de\/index.php\/wp-json\/wp\/v2\/types\/post"}],"author":[{"embeddable":true,"href":"https:\/\/fw-nk.de\/index.php\/wp-json\/wp\/v2\/users\/1"}],"replies":[{"embeddable":true,"href":"https:\/\/fw-nk.de\/index.php\/wp-json\/wp\/v2\/comments?post=943"}],"version-history":[{"count":1,"href":"https:\/\/fw-nk.de\/index.php\/wp-json\/wp\/v2\/posts\/943\/revisions"}],"predecessor-version":[{"id":944,"href":"https:\/\/fw-nk.de\/index.php\/wp-json\/wp\/v2\/posts\/943\/revisions\/944"}],"wp:attachment":[{"href":"https:\/\/fw-nk.de\/index.php\/wp-json\/wp\/v2\/media?parent=943"}],"wp:term":[{"taxonomy":"category","embeddable":true,"href":"https:\/\/fw-nk.de\/index.php\/wp-json\/wp\/v2\/categories?post=943"},{"taxonomy":"post_tag","embeddable":true,"href":"https:\/\/fw-nk.de\/index.php\/wp-json\/wp\/v2\/tags?post=943"}],"curies":[{"name":"wp","href":"https:\/\/api.w.org\/{rel}","templated":true}]}}