{"id":920,"date":"2023-10-20T11:24:13","date_gmt":"2023-10-20T11:24:13","guid":{"rendered":"https:\/\/fw-nk.de\/?p=920"},"modified":"2023-11-08T12:42:04","modified_gmt":"2023-11-08T12:42:04","slug":"buergernahe-politik-aktiv-gestaltne","status":"publish","type":"post","link":"https:\/\/fw-nk.de\/index.php\/2023\/10\/20\/buergernahe-politik-aktiv-gestaltne\/","title":{"rendered":"B\u00fcrgernahe Politik aktiv gestalten"},"content":{"rendered":"<div class=\"xdj266r x11i5rnm xat24cr x1mh8g0r x1vvkbs x126k92a\">\n<div dir=\"auto\"><strong>Kandidaten f\u00fcr die Kommunalwahl gesucht!!. <img loading=\"lazy\" decoding=\"async\" class=\"alignright\" src=\"https:\/\/fw-nk.de\/wp-content\/uploads\/2019\/09\/FB-Butten.jpg\" alt=\"Freie W\u00e4hler Neunkirchen e.V.\" width=\"208\" height=\"120\" \/><br \/>\n<\/strong><\/div>\n<div dir=\"auto\"><\/div>\n<\/div>\n<div class=\"x11i5rnm xat24cr x1mh8g0r x1vvkbs xtlvy1s x126k92a\">\n<div dir=\"auto\">F\u00fcr die Kommunalwahl 2024 suchen wir noch weitere Kandidatinnen und Kandidaten aus der Kreisstadt Neunkirchen, welche sich sachbezogen und zielstrebig f\u00fcr ein Miteinander und ein funktionierendes Gemeinwesen einsetzen wollen. Wenn Sie politisch interessiert sind und in Ihrem Ortsratrat oder auch im Stadtrat Politik im Sinne der B\u00fcrger gestalten wollen, dann sind Sie genau die richtige Kandidatin, der richtige Kandidat f\u00fcr die FREIEN W\u00c4HLER Neunkirchen.<\/div>\n<\/div>\n<div class=\"x11i5rnm xat24cr x1mh8g0r x1vvkbs xtlvy1s x126k92a\">\n<div dir=\"auto\">B\u00fcrgernahe Politik bedeutet f\u00fcr uns, die Probleme und Sorgen der Menschen vor Ort zu kennen und ein offenes Ohr zu haben. Wir l\u00f6sen Probleme, nicht mit Floskeln, sondern mit dem \u201egesunden Menschenverstand\u201c.<\/div>\n<\/div>\n<div class=\"x11i5rnm xat24cr x1mh8g0r x1vvkbs xtlvy1s x126k92a\">\n<div dir=\"auto\">Haben wir das Interesse geweckt? Dann schicken Sie uns gleich hier eine Nachricht. Ganz einfach erreichen Sie uns auch unter info@fw-nk.de<\/div>\n<div dir=\"auto\"><span style=\"color: #000000;\"><strong><img loading=\"lazy\" decoding=\"async\" class=\"aligncenter\" src=\"https:\/\/tsimg.cloud\/67234-12361\/a77bd340697707f9c3654703194271db1dc9aed6_fwebp-h500-w500.jpg?_\" alt=\"B\u00fcrgernahe Politik aktiv gestalten - Kandidaten f\u00fcr die Kommunalwahl gesucht!!. \" width=\"300\" height=\"300\" \/><\/strong><\/span><\/div>\n<div dir=\"auto\"><\/div>\n<div dir=\"auto\"><a href=\"https:\/\/fw-nk.de\/wp-content\/uploads\/2023\/10\/Fleyer-Freie-Waehler-Neunkirchen-e.V.pdf\"><span style=\"color: #000000;\"><strong>PDF Aktueller Fleyer der Freien W\u00e4hler Neunkirchen e.V.<\/strong><\/span><\/a><\/div>\n<\/div>\n","protected":false},"excerpt":{"rendered":"<div class=\"mh-excerpt\"><p>Kandidaten f\u00fcr die Kommunalwahl gesucht!!. F\u00fcr die Kommunalwahl 2024 suchen wir noch weitere Kandidatinnen und Kandidaten aus der Kreisstadt Neunkirchen, welche sich sachbezogen und zielstrebig <a class=\"mh-excerpt-more\" href=\"https:\/\/fw-nk.de\/index.php\/2023\/10\/20\/buergernahe-politik-aktiv-gestaltne\/\" title=\"B\u00fcrgernahe Politik aktiv gestalten\">[&#8230;]<\/a><\/p>\n<div class=\"shariff shariff-align-flex-start shariff-widget-align-flex-start\" data-services=\"facebook\" data-url=\"https%3A%2F%2Ffw-nk.de%2Findex.php%2F2023%2F10%2F20%2Fbuergernahe-politik-aktiv-gestaltne%2F\" data-timestamp=\"1699447324\" data-hidezero=\"1\" data-backendurl=\"https:\/\/fw-nk.de\/wp-json\/shariff\/v1\/share_counts?\"><ul class=\"shariff-buttons theme-round orientation-horizontal buttonsize-small\"><li class=\"shariff-button mastodon shariff-nocustomcolor\" style=\"background-color:#563ACC\"><a href=\"https:\/\/s2f.kytta.dev\/?text=B%C3%BCrgernahe%20Politik%20aktiv%20gestalten https%3A%2F%2Ffw-nk.de%2Findex.php%2F2023%2F10%2F20%2Fbuergernahe-politik-aktiv-gestaltne%2F\" title=\"Bei Mastodon teilen\" aria-label=\"Bei Mastodon teilen\" role=\"button\" rel=\"noopener nofollow\" class=\"shariff-link\" style=\"; background-color:#6364FF; color:#fff\" target=\"_blank\"><span class=\"shariff-icon\" style=\"\"><svg width=\"75\" height=\"79\" viewBox=\"0 0 75 79\" fill=\"none\" xmlns=\"http:\/\/www.w3.org\/2000\/svg\"><path d=\"M37.813-.025C32.462-.058 27.114.13 21.79.598c-8.544.621-17.214 5.58-20.203 13.931C-1.12 23.318.408 32.622.465 41.65c.375 7.316.943 14.78 3.392 21.73 4.365 9.465 14.781 14.537 24.782 15.385 7.64.698 15.761-.213 22.517-4.026a54.1 54.1 0 0 0 .01-6.232c-6.855 1.316-14.101 2.609-21.049 1.074-3.883-.88-6.876-4.237-7.25-8.215-1.53-3.988 3.78-.43 5.584-.883 9.048 1.224 18.282.776 27.303-.462 7.044-.837 14.26-4.788 16.65-11.833 2.263-6.135 1.215-12.79 1.698-19.177.06-3.84.09-7.692-.262-11.52C72.596 7.844 63.223.981 53.834.684a219.453 219.453 0 0 0-16.022-.71zm11.294 12.882c5.5-.067 10.801 4.143 11.67 9.653.338 1.48.471 3 .471 4.515v21.088h-8.357c-.07-7.588.153-15.182-.131-22.765-.587-4.368-7.04-5.747-9.672-2.397-2.422 3.04-1.47 7.155-1.67 10.735v6.392h-8.307c-.146-4.996.359-10.045-.404-15.002-1.108-4.218-7.809-5.565-10.094-1.666-1.685 3.046-.712 6.634-.976 9.936v14.767h-8.354c.109-8.165-.238-16.344.215-24.5.674-5.346 5.095-10.389 10.676-10.627 4.902-.739 10.103 2.038 12.053 6.631.375 1.435 1.76 1.932 1.994.084 1.844-3.704 5.501-6.739 9.785-6.771.367-.044.735-.068 1.101-.073z\"\/><defs><linearGradient id=\"paint0_linear_549_34\" x1=\"37.0692\" y1=\"0\" x2=\"37.0692\" y2=\"79\" gradientUnits=\"userSpaceOnUse\"><stop stop-color=\"#6364FF\"\/><stop offset=\"1\" stop-color=\"#563ACC\"\/><\/linearGradient><\/defs><\/svg><\/span><\/a><\/li><li class=\"shariff-button facebook shariff-nocustomcolor\" style=\"background-color:#4273c8\"><a href=\"https:\/\/www.facebook.com\/sharer\/sharer.php?u=https%3A%2F%2Ffw-nk.de%2Findex.php%2F2023%2F10%2F20%2Fbuergernahe-politik-aktiv-gestaltne%2F\" title=\"Bei Facebook teilen\" aria-label=\"Bei Facebook teilen\" role=\"button\" rel=\"nofollow\" class=\"shariff-link\" style=\"; background-color:#3b5998; color:#fff\" target=\"_blank\"><span class=\"shariff-icon\" style=\"\"><svg width=\"32px\" height=\"20px\" xmlns=\"http:\/\/www.w3.org\/2000\/svg\" viewBox=\"0 0 18 32\"><path fill=\"#3b5998\" d=\"M17.1 0.2v4.7h-2.8q-1.5 0-2.1 0.6t-0.5 1.9v3.4h5.2l-0.7 5.3h-4.5v13.6h-5.5v-13.6h-4.5v-5.3h4.5v-3.9q0-3.3 1.9-5.2t5-1.8q2.6 0 4.1 0.2z\"\/><\/svg><\/span><\/a><\/li><li class=\"shariff-button linkedin shariff-nocustomcolor\" style=\"background-color:#1488bf\"><a href=\"https:\/\/www.linkedin.com\/sharing\/share-offsite\/?url=https%3A%2F%2Ffw-nk.de%2Findex.php%2F2023%2F10%2F20%2Fbuergernahe-politik-aktiv-gestaltne%2F\" title=\"Bei LinkedIn teilen\" aria-label=\"Bei LinkedIn teilen\" role=\"button\" rel=\"noopener nofollow\" class=\"shariff-link\" style=\"; background-color:#0077b5; color:#fff\" target=\"_blank\"><span class=\"shariff-icon\" style=\"\"><svg width=\"32px\" height=\"20px\" xmlns=\"http:\/\/www.w3.org\/2000\/svg\" viewBox=\"0 0 27 32\"><path fill=\"#0077b5\" d=\"M6.2 11.2v17.7h-5.9v-17.7h5.9zM6.6 5.7q0 1.3-0.9 2.2t-2.4 0.9h0q-1.5 0-2.4-0.9t-0.9-2.2 0.9-2.2 2.4-0.9 2.4 0.9 0.9 2.2zM27.4 18.7v10.1h-5.9v-9.5q0-1.9-0.7-2.9t-2.3-1.1q-1.1 0-1.9 0.6t-1.2 1.5q-0.2 0.5-0.2 1.4v9.9h-5.9q0-7.1 0-11.6t0-5.3l0-0.9h5.9v2.6h0q0.4-0.6 0.7-1t1-0.9 1.6-0.8 2-0.3q3 0 4.9 2t1.9 6z\"\/><\/svg><\/span><\/a><\/li><li class=\"shariff-button info shariff-nocustomcolor\" style=\"background-color:#eee\"><a href=\"http:\/\/ct.de\/-2467514\" title=\"Weitere Informationen\" aria-label=\"Weitere Informationen\" role=\"button\" rel=\"noopener \" class=\"shariff-link\" style=\"; background-color:#fff; color:#fff\" target=\"_blank\"><span class=\"shariff-icon\" style=\"\"><svg width=\"32px\" height=\"20px\" xmlns=\"http:\/\/www.w3.org\/2000\/svg\" viewBox=\"0 0 11 32\"><path fill=\"#999\" d=\"M11.4 24v2.3q0 0.5-0.3 0.8t-0.8 0.4h-9.1q-0.5 0-0.8-0.4t-0.4-0.8v-2.3q0-0.5 0.4-0.8t0.8-0.4h1.1v-6.8h-1.1q-0.5 0-0.8-0.4t-0.4-0.8v-2.3q0-0.5 0.4-0.8t0.8-0.4h6.8q0.5 0 0.8 0.4t0.4 0.8v10.3h1.1q0.5 0 0.8 0.4t0.3 0.8zM9.2 3.4v3.4q0 0.5-0.4 0.8t-0.8 0.4h-4.6q-0.4 0-0.8-0.4t-0.4-0.8v-3.4q0-0.4 0.4-0.8t0.8-0.4h4.6q0.5 0 0.8 0.4t0.4 0.8z\"\/><\/svg><\/span><\/a><\/li><\/ul><\/div><\/div>","protected":false},"author":1,"featured_media":0,"comment_status":"closed","ping_status":"closed","sticky":false,"template":"","format":"standard","meta":{"footnotes":""},"categories":[38,13,5,14],"tags":[11,9,7],"class_list":["post-920","post","type-post","status-publish","format-standard","hentry","category-alle-meldungen","category-downloads","category-pressemeldungen","category-vorstand","tag-neunkirchen","tag-ortsverein","tag-politik"],"_links":{"self":[{"href":"https:\/\/fw-nk.de\/index.php\/wp-json\/wp\/v2\/posts\/920","targetHints":{"allow":["GET"]}}],"collection":[{"href":"https:\/\/fw-nk.de\/index.php\/wp-json\/wp\/v2\/posts"}],"about":[{"href":"https:\/\/fw-nk.de\/index.php\/wp-json\/wp\/v2\/types\/post"}],"author":[{"embeddable":true,"href":"https:\/\/fw-nk.de\/index.php\/wp-json\/wp\/v2\/users\/1"}],"replies":[{"embeddable":true,"href":"https:\/\/fw-nk.de\/index.php\/wp-json\/wp\/v2\/comments?post=920"}],"version-history":[{"count":5,"href":"https:\/\/fw-nk.de\/index.php\/wp-json\/wp\/v2\/posts\/920\/revisions"}],"predecessor-version":[{"id":945,"href":"https:\/\/fw-nk.de\/index.php\/wp-json\/wp\/v2\/posts\/920\/revisions\/945"}],"wp:attachment":[{"href":"https:\/\/fw-nk.de\/index.php\/wp-json\/wp\/v2\/media?parent=920"}],"wp:term":[{"taxonomy":"category","embeddable":true,"href":"https:\/\/fw-nk.de\/index.php\/wp-json\/wp\/v2\/categories?post=920"},{"taxonomy":"post_tag","embeddable":true,"href":"https:\/\/fw-nk.de\/index.php\/wp-json\/wp\/v2\/tags?post=920"}],"curies":[{"name":"wp","href":"https:\/\/api.w.org\/{rel}","templated":true}]}}