{"id":451,"date":"2020-07-06T08:39:32","date_gmt":"2020-07-06T08:39:32","guid":{"rendered":"https:\/\/fw-nk.de\/?p=451"},"modified":"2023-10-20T13:40:38","modified_gmt":"2023-10-20T13:40:38","slug":"freie-waehler-begruessen-antrag-der-cdu-stadtratsfraktion","status":"publish","type":"post","link":"https:\/\/fw-nk.de\/index.php\/2020\/07\/06\/freie-waehler-begruessen-antrag-der-cdu-stadtratsfraktion\/","title":{"rendered":"Freie W\u00e4hler begr\u00fc\u00dfen Antrag der CDU-Stadtratsfraktion"},"content":{"rendered":"<p><strong>Neunkircher Innenstadt muss attraktiver werden <\/strong><\/p>\n<p>Neunkirchen. Die Freien W\u00e4hler Neunkirchen begr\u00fc\u00dfen den Antrag der CDU Stadtratsfraktion zum Thema \u201eAttraktivit\u00e4t der Innenstadt\u201c. In diesem Antrag besch\u00e4ftigt sich die CDU-Stadtratsfraktion nach den j\u00fcngsten Entwicklungen der bevorstehenden Schlie\u00dfung des Kaufhofes und um die Steigerung der Attraktivit\u00e4t in der Neunkirchen Innenstadt.<img loading=\"lazy\" decoding=\"async\" class=\"alignright\" src=\"https:\/\/tsimg.cloud\/67234-12361\/2700c016b1881bef2f319a47b3416e214b80857e_h356-w478.jpg?_\" alt=\"Freie W\u00e4hler begr\u00fc\u00dfen Antrag der CDU-Stadtratsfraktion \" width=\"300\" height=\"223\" \/> \u201eWir begr\u00fc\u00dfen den Antrag sowie die Vorschl\u00e4ge der CDU-Stadtratsfraktion. Die Vorschl\u00e4ge einen eigenen Wirtschaftsf\u00f6rderer f\u00fcr die Stadt zu installieren sowie ein B\u00fcrgerforum zu organisieren, in dem die B\u00fcrger ihre Ideen zur Attraktivit\u00e4t einbringen k\u00f6nnen, k\u00f6nnten zur Verbesserung der Attraktivit\u00e4t in der Innenstadt beitragen. Besonders die Idee eines B\u00fcrgerforums, in denen die B\u00fcrger einbezogen werden, ist sehr begr\u00fc\u00dfenswert\u201c so der Vorsitzende der Freien W\u00e4hler Neunkirchen, Brandon Lee Posse. Besonders die massiven Leerst\u00e4nde in der Neunkircher Innenstadt m\u00fcssen angegangen werden, um die leerstehenden Schaufenster wiederzubeleben. Hierzu muss die Stadtverwaltung gemeinsam mit dem Leerstandsmanagement und den Eigent\u00fcmern Gespr\u00e4che f\u00fchren, um L\u00f6sungen zur Vermietung der L\u00e4den zu finden. Dabei sollte man auch einmal eine Ansiedlung eines Unverpackt-Laden in der Pasteurstra\u00dfe ins Auge fassen.<br \/>\n\u201eDie Menschen laufen lieber durch Stra\u00dfen mit Gesch\u00e4ften, statt trostlos in leere Schaufenster zu blicken\u201c so Posse weiter.<br \/>\nEs muss nun die Chance genutzt werden umzudenken und mit der Zeit zu gehen, um die Innenstadt aufzuwerten und die Wohnumfeldqualit\u00e4t zu steigern. Nur so kann es gelingen wieder Besucher von au\u00dferhalb, aber auch aus der eigenen Stadt in die Innenstadt zu locken, die dann gerne wieder zu einem Einkauf sowie einem kleinen Happen in die Stadt kommen. Die Freien W\u00e4hler erkl\u00e4ren sich gerne bereit in einem B\u00fcrgerforum einzubringen.<\/p>\n<p>Michael Posse<br \/>\nPressesprecher Freie W\u00e4hler Neunkirchen<br \/>\nPressemitteilung 11-20 , 05.07.2020<\/p>\n","protected":false},"excerpt":{"rendered":"<div class=\"mh-excerpt\"><p>Neunkircher Innenstadt muss attraktiver werden Neunkirchen. Die Freien W\u00e4hler Neunkirchen begr\u00fc\u00dfen den Antrag der CDU Stadtratsfraktion zum Thema \u201eAttraktivit\u00e4t der Innenstadt\u201c. In diesem Antrag besch\u00e4ftigt <a class=\"mh-excerpt-more\" href=\"https:\/\/fw-nk.de\/index.php\/2020\/07\/06\/freie-waehler-begruessen-antrag-der-cdu-stadtratsfraktion\/\" title=\"Freie W\u00e4hler begr\u00fc\u00dfen Antrag der CDU-Stadtratsfraktion\">[&#8230;]<\/a><\/p>\n<div class=\"shariff shariff-align-flex-start shariff-widget-align-flex-start\" data-services=\"facebook\" data-url=\"https%3A%2F%2Ffw-nk.de%2Findex.php%2F2020%2F07%2F06%2Ffreie-waehler-begruessen-antrag-der-cdu-stadtratsfraktion%2F\" data-timestamp=\"1697809238\" data-hidezero=\"1\" data-backendurl=\"https:\/\/fw-nk.de\/wp-json\/shariff\/v1\/share_counts?\"><ul class=\"shariff-buttons theme-round orientation-horizontal buttonsize-small\"><li class=\"shariff-button mastodon shariff-nocustomcolor\" style=\"background-color:#563ACC\"><a href=\"https:\/\/s2f.kytta.dev\/?text=Freie%20W%C3%A4hler%20begr%C3%BC%C3%9Fen%20Antrag%20der%20CDU-Stadtratsfraktion https%3A%2F%2Ffw-nk.de%2Findex.php%2F2020%2F07%2F06%2Ffreie-waehler-begruessen-antrag-der-cdu-stadtratsfraktion%2F\" title=\"Bei Mastodon teilen\" aria-label=\"Bei Mastodon teilen\" role=\"button\" rel=\"noopener nofollow\" class=\"shariff-link\" style=\"; background-color:#6364FF; color:#fff\" target=\"_blank\"><span class=\"shariff-icon\" style=\"\"><svg width=\"75\" height=\"79\" viewBox=\"0 0 75 79\" fill=\"none\" xmlns=\"http:\/\/www.w3.org\/2000\/svg\"><path d=\"M37.813-.025C32.462-.058 27.114.13 21.79.598c-8.544.621-17.214 5.58-20.203 13.931C-1.12 23.318.408 32.622.465 41.65c.375 7.316.943 14.78 3.392 21.73 4.365 9.465 14.781 14.537 24.782 15.385 7.64.698 15.761-.213 22.517-4.026a54.1 54.1 0 0 0 .01-6.232c-6.855 1.316-14.101 2.609-21.049 1.074-3.883-.88-6.876-4.237-7.25-8.215-1.53-3.988 3.78-.43 5.584-.883 9.048 1.224 18.282.776 27.303-.462 7.044-.837 14.26-4.788 16.65-11.833 2.263-6.135 1.215-12.79 1.698-19.177.06-3.84.09-7.692-.262-11.52C72.596 7.844 63.223.981 53.834.684a219.453 219.453 0 0 0-16.022-.71zm11.294 12.882c5.5-.067 10.801 4.143 11.67 9.653.338 1.48.471 3 .471 4.515v21.088h-8.357c-.07-7.588.153-15.182-.131-22.765-.587-4.368-7.04-5.747-9.672-2.397-2.422 3.04-1.47 7.155-1.67 10.735v6.392h-8.307c-.146-4.996.359-10.045-.404-15.002-1.108-4.218-7.809-5.565-10.094-1.666-1.685 3.046-.712 6.634-.976 9.936v14.767h-8.354c.109-8.165-.238-16.344.215-24.5.674-5.346 5.095-10.389 10.676-10.627 4.902-.739 10.103 2.038 12.053 6.631.375 1.435 1.76 1.932 1.994.084 1.844-3.704 5.501-6.739 9.785-6.771.367-.044.735-.068 1.101-.073z\"\/><defs><linearGradient id=\"paint0_linear_549_34\" x1=\"37.0692\" y1=\"0\" x2=\"37.0692\" y2=\"79\" gradientUnits=\"userSpaceOnUse\"><stop stop-color=\"#6364FF\"\/><stop offset=\"1\" stop-color=\"#563ACC\"\/><\/linearGradient><\/defs><\/svg><\/span><\/a><\/li><li class=\"shariff-button facebook shariff-nocustomcolor\" style=\"background-color:#4273c8\"><a href=\"https:\/\/www.facebook.com\/sharer\/sharer.php?u=https%3A%2F%2Ffw-nk.de%2Findex.php%2F2020%2F07%2F06%2Ffreie-waehler-begruessen-antrag-der-cdu-stadtratsfraktion%2F\" title=\"Bei Facebook teilen\" aria-label=\"Bei Facebook teilen\" role=\"button\" rel=\"nofollow\" class=\"shariff-link\" style=\"; background-color:#3b5998; color:#fff\" target=\"_blank\"><span class=\"shariff-icon\" style=\"\"><svg width=\"32px\" height=\"20px\" xmlns=\"http:\/\/www.w3.org\/2000\/svg\" viewBox=\"0 0 18 32\"><path fill=\"#3b5998\" d=\"M17.1 0.2v4.7h-2.8q-1.5 0-2.1 0.6t-0.5 1.9v3.4h5.2l-0.7 5.3h-4.5v13.6h-5.5v-13.6h-4.5v-5.3h4.5v-3.9q0-3.3 1.9-5.2t5-1.8q2.6 0 4.1 0.2z\"\/><\/svg><\/span><\/a><\/li><li class=\"shariff-button linkedin shariff-nocustomcolor\" style=\"background-color:#1488bf\"><a href=\"https:\/\/www.linkedin.com\/sharing\/share-offsite\/?url=https%3A%2F%2Ffw-nk.de%2Findex.php%2F2020%2F07%2F06%2Ffreie-waehler-begruessen-antrag-der-cdu-stadtratsfraktion%2F\" title=\"Bei LinkedIn teilen\" aria-label=\"Bei LinkedIn teilen\" role=\"button\" rel=\"noopener nofollow\" class=\"shariff-link\" style=\"; background-color:#0077b5; color:#fff\" target=\"_blank\"><span class=\"shariff-icon\" style=\"\"><svg width=\"32px\" height=\"20px\" xmlns=\"http:\/\/www.w3.org\/2000\/svg\" viewBox=\"0 0 27 32\"><path fill=\"#0077b5\" d=\"M6.2 11.2v17.7h-5.9v-17.7h5.9zM6.6 5.7q0 1.3-0.9 2.2t-2.4 0.9h0q-1.5 0-2.4-0.9t-0.9-2.2 0.9-2.2 2.4-0.9 2.4 0.9 0.9 2.2zM27.4 18.7v10.1h-5.9v-9.5q0-1.9-0.7-2.9t-2.3-1.1q-1.1 0-1.9 0.6t-1.2 1.5q-0.2 0.5-0.2 1.4v9.9h-5.9q0-7.1 0-11.6t0-5.3l0-0.9h5.9v2.6h0q0.4-0.6 0.7-1t1-0.9 1.6-0.8 2-0.3q3 0 4.9 2t1.9 6z\"\/><\/svg><\/span><\/a><\/li><li class=\"shariff-button info shariff-nocustomcolor\" style=\"background-color:#eee\"><a href=\"http:\/\/ct.de\/-2467514\" title=\"Weitere Informationen\" aria-label=\"Weitere Informationen\" role=\"button\" rel=\"noopener \" class=\"shariff-link\" style=\"; background-color:#fff; color:#fff\" target=\"_blank\"><span class=\"shariff-icon\" style=\"\"><svg width=\"32px\" height=\"20px\" xmlns=\"http:\/\/www.w3.org\/2000\/svg\" viewBox=\"0 0 11 32\"><path fill=\"#999\" d=\"M11.4 24v2.3q0 0.5-0.3 0.8t-0.8 0.4h-9.1q-0.5 0-0.8-0.4t-0.4-0.8v-2.3q0-0.5 0.4-0.8t0.8-0.4h1.1v-6.8h-1.1q-0.5 0-0.8-0.4t-0.4-0.8v-2.3q0-0.5 0.4-0.8t0.8-0.4h6.8q0.5 0 0.8 0.4t0.4 0.8v10.3h1.1q0.5 0 0.8 0.4t0.3 0.8zM9.2 3.4v3.4q0 0.5-0.4 0.8t-0.8 0.4h-4.6q-0.4 0-0.8-0.4t-0.4-0.8v-3.4q0-0.4 0.4-0.8t0.8-0.4h4.6q0.5 0 0.8 0.4t0.4 0.8z\"\/><\/svg><\/span><\/a><\/li><\/ul><\/div><\/div>","protected":false},"author":3,"featured_media":0,"comment_status":"closed","ping_status":"closed","sticky":false,"template":"","format":"standard","meta":{"footnotes":""},"categories":[38,5,14],"tags":[9,7],"class_list":["post-451","post","type-post","status-publish","format-standard","hentry","category-alle-meldungen","category-pressemeldungen","category-vorstand","tag-ortsverein","tag-politik"],"_links":{"self":[{"href":"https:\/\/fw-nk.de\/index.php\/wp-json\/wp\/v2\/posts\/451","targetHints":{"allow":["GET"]}}],"collection":[{"href":"https:\/\/fw-nk.de\/index.php\/wp-json\/wp\/v2\/posts"}],"about":[{"href":"https:\/\/fw-nk.de\/index.php\/wp-json\/wp\/v2\/types\/post"}],"author":[{"embeddable":true,"href":"https:\/\/fw-nk.de\/index.php\/wp-json\/wp\/v2\/users\/3"}],"replies":[{"embeddable":true,"href":"https:\/\/fw-nk.de\/index.php\/wp-json\/wp\/v2\/comments?post=451"}],"version-history":[{"count":3,"href":"https:\/\/fw-nk.de\/index.php\/wp-json\/wp\/v2\/posts\/451\/revisions"}],"predecessor-version":[{"id":455,"href":"https:\/\/fw-nk.de\/index.php\/wp-json\/wp\/v2\/posts\/451\/revisions\/455"}],"wp:attachment":[{"href":"https:\/\/fw-nk.de\/index.php\/wp-json\/wp\/v2\/media?parent=451"}],"wp:term":[{"taxonomy":"category","embeddable":true,"href":"https:\/\/fw-nk.de\/index.php\/wp-json\/wp\/v2\/categories?post=451"},{"taxonomy":"post_tag","embeddable":true,"href":"https:\/\/fw-nk.de\/index.php\/wp-json\/wp\/v2\/tags?post=451"}],"curies":[{"name":"wp","href":"https:\/\/api.w.org\/{rel}","templated":true}]}}