{"id":1373,"date":"2025-08-26T21:17:01","date_gmt":"2025-08-26T21:17:01","guid":{"rendered":"https:\/\/fw-nk.de\/?p=1373"},"modified":"2025-09-08T13:21:56","modified_gmt":"2025-09-08T13:21:56","slug":"neues-aus-dem-ortsrat-3","status":"publish","type":"post","link":"https:\/\/fw-nk.de\/index.php\/2025\/08\/26\/neues-aus-dem-ortsrat-3\/","title":{"rendered":"Neues aus dem Ortsrat"},"content":{"rendered":"<div class=\"xdj266r x14z9mp xat24cr x1lziwak x1vvkbs x126k92a\">\n<div dir=\"auto\"><strong>Ortsrat Neunkirchen-Innenstadt;\u00a0 Antrag der FREIEN W\u00c4HLER vertagt \u2013 Seniorenfeier verschoben\u00a0<img loading=\"lazy\" decoding=\"async\" class=\"alignright\" src=\"https:\/\/fw-nk.de\/wp-content\/uploads\/2019\/09\/FB-Butten.jpg\" alt=\"Neues aus dem Ortsrat\" width=\"208\" height=\"120\" \/><\/strong><\/div>\n<\/div>\n<div class=\"x14z9mp xat24cr x1lziwak x1vvkbs xtlvy1s x126k92a\">\n<div dir=\"auto\"><\/div>\n<div dir=\"auto\">Neunkirchen, 26. August 2025 \u2013 Der Ortsrat Neunkirchen-Innenstadt kam am heutigen Abend zu seiner ersten Sitzung nach der Sommerpause zusammen. Auf der Tagesordnung stand unter anderem ein Antrag der FREIEN W\u00c4HLER, in der Innenstadt ein \u00f6ffentlich zug\u00e4ngliches Wassertretbecken einzurichten.<\/div>\n<\/div>\n<div class=\"x14z9mp xat24cr x1lziwak x1vvkbs xtlvy1s x126k92a\">\n<div dir=\"auto\">Der Antrag war auf Anregung mehrerer B\u00fcrgerinnen und B\u00fcrger eingebracht worden, da bislang in der Kreisstadt Neunkirchen kein solches Angebot besteht. Noch vor Eintritt in die Tagesordnung beantragte die CDU-Ortsratsfraktion jedoch, den Antrag der FREIEN W\u00c4HLER zu vertagen und in der n\u00e4chsten Sitzung erneut zu beraten. Eine Begr\u00fcndung f\u00fcr die Verschiebung wurde im Ortsrat nicht gegeben. SPD-, CDU- und AfD-Fraktionen stimmten der Vertagung zu.<\/div>\n<\/div>\n<div class=\"x14z9mp xat24cr x1lziwak x1vvkbs xtlvy1s x126k92a\">\n<div dir=\"auto\">Ein weiterer Diskussionspunkt betraf die f\u00fcr September angek\u00fcndigte Seniorenfeier im Ortsteil Neunkirchen-Innenstadt. Die SPD-Ortsratsfraktion beantragte, die Veranstaltung auf M\u00e4rz 2026 zu verschieben. Als Grund wurde auf aktuelle Vorw\u00fcrfe verwiesen, die einen angemessenen Rahmen f\u00fcr die Feier in diesem Jahr verhinderten.<\/div>\n<\/div>\n<div class=\"x14z9mp xat24cr x1lziwak x1vvkbs xtlvy1s x126k92a\">\n<div dir=\"auto\">Das Ortsratsmitglied der FREIE W\u00c4HLER war emp\u00f6rt \u00fcber den Antrag der SPD und pochte darauf, die Seniorenfeier wie geplant durchzuf\u00fchren. Weiter betonte Brandon Lee Posse, dass die Seniorinnen und Senioren nicht die Leidtragenden aktueller Entwicklungen sein d\u00fcrften. Gerade nach der Absage der Jubil\u00e4umsfeier der KEW w\u00fcrde eine erneute Absage in der \u00d6ffentlichkeit auf Unverst\u00e4ndnis sto\u00dfen. Trotz der Vorw\u00fcrfe, die derzeit im Raum stehen muss der Ortsrat mit h\u00f6chster Professionalit\u00e4t die kommunalpolitische Arbeit im Ortsrat weiterf\u00fchren.<\/div>\n<\/div>\n<div class=\"x14z9mp xat24cr x1lziwak x1vvkbs xtlvy1s x126k92a\">\n<div dir=\"auto\">In der Abstimmung votierte die SPD-Fraktion (6 Stimmen) f\u00fcr eine Verlegung auf 2026, w\u00e4hrend CDU (4 Stimmen) und AfD (4 Stimmen) sich enthielten. Die FREIEN W\u00c4HLER (1 Stimme) stimmten gegen den Antrag. Damit gilt die Seniorenfeier f\u00fcr 2025 als abgesagt, w\u00e4hrend die anderen drei Ortsr\u00e4te in der Kreisstadt Neunkirchen Ihre Seniorenfeier ohne Bedenken veranstalten.<\/div>\n<\/div>\n","protected":false},"excerpt":{"rendered":"<div class=\"mh-excerpt\"><p>Ortsrat Neunkirchen-Innenstadt;\u00a0 Antrag der FREIEN W\u00c4HLER vertagt \u2013 Seniorenfeier verschoben\u00a0 Neunkirchen, 26. August 2025 \u2013 Der Ortsrat Neunkirchen-Innenstadt kam am heutigen Abend zu seiner ersten <a class=\"mh-excerpt-more\" href=\"https:\/\/fw-nk.de\/index.php\/2025\/08\/26\/neues-aus-dem-ortsrat-3\/\" title=\"Neues aus dem Ortsrat\">[&#8230;]<\/a><\/p>\n<div class=\"shariff shariff-align-flex-start shariff-widget-align-flex-start\" data-services=\"facebook\" data-url=\"https%3A%2F%2Ffw-nk.de%2Findex.php%2F2025%2F08%2F26%2Fneues-aus-dem-ortsrat-3%2F\" data-timestamp=\"1757337716\" data-hidezero=\"1\" data-backendurl=\"https:\/\/fw-nk.de\/wp-json\/shariff\/v1\/share_counts?\"><ul class=\"shariff-buttons theme-round orientation-horizontal buttonsize-small\"><li class=\"shariff-button mastodon shariff-nocustomcolor\" style=\"background-color:#563ACC\"><a href=\"https:\/\/s2f.kytta.dev\/?text=Neues%20aus%20dem%20Ortsrat https%3A%2F%2Ffw-nk.de%2Findex.php%2F2025%2F08%2F26%2Fneues-aus-dem-ortsrat-3%2F\" title=\"Bei Mastodon teilen\" aria-label=\"Bei Mastodon teilen\" role=\"button\" rel=\"noopener nofollow\" class=\"shariff-link\" style=\"; background-color:#6364FF; color:#fff\" target=\"_blank\"><span class=\"shariff-icon\" style=\"\"><svg width=\"75\" height=\"79\" viewBox=\"0 0 75 79\" fill=\"none\" xmlns=\"http:\/\/www.w3.org\/2000\/svg\"><path d=\"M37.813-.025C32.462-.058 27.114.13 21.79.598c-8.544.621-17.214 5.58-20.203 13.931C-1.12 23.318.408 32.622.465 41.65c.375 7.316.943 14.78 3.392 21.73 4.365 9.465 14.781 14.537 24.782 15.385 7.64.698 15.761-.213 22.517-4.026a54.1 54.1 0 0 0 .01-6.232c-6.855 1.316-14.101 2.609-21.049 1.074-3.883-.88-6.876-4.237-7.25-8.215-1.53-3.988 3.78-.43 5.584-.883 9.048 1.224 18.282.776 27.303-.462 7.044-.837 14.26-4.788 16.65-11.833 2.263-6.135 1.215-12.79 1.698-19.177.06-3.84.09-7.692-.262-11.52C72.596 7.844 63.223.981 53.834.684a219.453 219.453 0 0 0-16.022-.71zm11.294 12.882c5.5-.067 10.801 4.143 11.67 9.653.338 1.48.471 3 .471 4.515v21.088h-8.357c-.07-7.588.153-15.182-.131-22.765-.587-4.368-7.04-5.747-9.672-2.397-2.422 3.04-1.47 7.155-1.67 10.735v6.392h-8.307c-.146-4.996.359-10.045-.404-15.002-1.108-4.218-7.809-5.565-10.094-1.666-1.685 3.046-.712 6.634-.976 9.936v14.767h-8.354c.109-8.165-.238-16.344.215-24.5.674-5.346 5.095-10.389 10.676-10.627 4.902-.739 10.103 2.038 12.053 6.631.375 1.435 1.76 1.932 1.994.084 1.844-3.704 5.501-6.739 9.785-6.771.367-.044.735-.068 1.101-.073z\"\/><defs><linearGradient id=\"paint0_linear_549_34\" x1=\"37.0692\" y1=\"0\" x2=\"37.0692\" y2=\"79\" gradientUnits=\"userSpaceOnUse\"><stop stop-color=\"#6364FF\"\/><stop offset=\"1\" stop-color=\"#563ACC\"\/><\/linearGradient><\/defs><\/svg><\/span><\/a><\/li><li class=\"shariff-button facebook shariff-nocustomcolor\" style=\"background-color:#4273c8\"><a href=\"https:\/\/www.facebook.com\/sharer\/sharer.php?u=https%3A%2F%2Ffw-nk.de%2Findex.php%2F2025%2F08%2F26%2Fneues-aus-dem-ortsrat-3%2F\" title=\"Bei Facebook teilen\" aria-label=\"Bei Facebook teilen\" role=\"button\" rel=\"nofollow\" class=\"shariff-link\" style=\"; background-color:#3b5998; color:#fff\" target=\"_blank\"><span class=\"shariff-icon\" style=\"\"><svg width=\"32px\" height=\"20px\" xmlns=\"http:\/\/www.w3.org\/2000\/svg\" viewBox=\"0 0 18 32\"><path fill=\"#3b5998\" d=\"M17.1 0.2v4.7h-2.8q-1.5 0-2.1 0.6t-0.5 1.9v3.4h5.2l-0.7 5.3h-4.5v13.6h-5.5v-13.6h-4.5v-5.3h4.5v-3.9q0-3.3 1.9-5.2t5-1.8q2.6 0 4.1 0.2z\"\/><\/svg><\/span><\/a><\/li><li class=\"shariff-button linkedin shariff-nocustomcolor\" style=\"background-color:#1488bf\"><a href=\"https:\/\/www.linkedin.com\/sharing\/share-offsite\/?url=https%3A%2F%2Ffw-nk.de%2Findex.php%2F2025%2F08%2F26%2Fneues-aus-dem-ortsrat-3%2F\" title=\"Bei LinkedIn teilen\" aria-label=\"Bei LinkedIn teilen\" role=\"button\" rel=\"noopener nofollow\" class=\"shariff-link\" style=\"; background-color:#0077b5; color:#fff\" target=\"_blank\"><span class=\"shariff-icon\" style=\"\"><svg width=\"32px\" height=\"20px\" xmlns=\"http:\/\/www.w3.org\/2000\/svg\" viewBox=\"0 0 27 32\"><path fill=\"#0077b5\" d=\"M6.2 11.2v17.7h-5.9v-17.7h5.9zM6.6 5.7q0 1.3-0.9 2.2t-2.4 0.9h0q-1.5 0-2.4-0.9t-0.9-2.2 0.9-2.2 2.4-0.9 2.4 0.9 0.9 2.2zM27.4 18.7v10.1h-5.9v-9.5q0-1.9-0.7-2.9t-2.3-1.1q-1.1 0-1.9 0.6t-1.2 1.5q-0.2 0.5-0.2 1.4v9.9h-5.9q0-7.1 0-11.6t0-5.3l0-0.9h5.9v2.6h0q0.4-0.6 0.7-1t1-0.9 1.6-0.8 2-0.3q3 0 4.9 2t1.9 6z\"\/><\/svg><\/span><\/a><\/li><li class=\"shariff-button info shariff-nocustomcolor\" style=\"background-color:#eee\"><a href=\"http:\/\/ct.de\/-2467514\" title=\"Weitere Informationen\" aria-label=\"Weitere Informationen\" role=\"button\" rel=\"noopener \" class=\"shariff-link\" style=\"; background-color:#fff; color:#fff\" target=\"_blank\"><span class=\"shariff-icon\" style=\"\"><svg width=\"32px\" height=\"20px\" xmlns=\"http:\/\/www.w3.org\/2000\/svg\" viewBox=\"0 0 11 32\"><path fill=\"#999\" d=\"M11.4 24v2.3q0 0.5-0.3 0.8t-0.8 0.4h-9.1q-0.5 0-0.8-0.4t-0.4-0.8v-2.3q0-0.5 0.4-0.8t0.8-0.4h1.1v-6.8h-1.1q-0.5 0-0.8-0.4t-0.4-0.8v-2.3q0-0.5 0.4-0.8t0.8-0.4h6.8q0.5 0 0.8 0.4t0.4 0.8v10.3h1.1q0.5 0 0.8 0.4t0.3 0.8zM9.2 3.4v3.4q0 0.5-0.4 0.8t-0.8 0.4h-4.6q-0.4 0-0.8-0.4t-0.4-0.8v-3.4q0-0.4 0.4-0.8t0.8-0.4h4.6q0.5 0 0.8 0.4t0.4 0.8z\"\/><\/svg><\/span><\/a><\/li><\/ul><\/div><\/div>","protected":false},"author":1,"featured_media":0,"comment_status":"closed","ping_status":"closed","sticky":false,"template":"","format":"standard","meta":{"footnotes":""},"categories":[38,69],"tags":[79,57],"class_list":["post-1373","post","type-post","status-publish","format-standard","hentry","category-alle-meldungen","category-ortsrat-news","tag-ne","tag-ortsrat"],"_links":{"self":[{"href":"https:\/\/fw-nk.de\/index.php\/wp-json\/wp\/v2\/posts\/1373","targetHints":{"allow":["GET"]}}],"collection":[{"href":"https:\/\/fw-nk.de\/index.php\/wp-json\/wp\/v2\/posts"}],"about":[{"href":"https:\/\/fw-nk.de\/index.php\/wp-json\/wp\/v2\/types\/post"}],"author":[{"embeddable":true,"href":"https:\/\/fw-nk.de\/index.php\/wp-json\/wp\/v2\/users\/1"}],"replies":[{"embeddable":true,"href":"https:\/\/fw-nk.de\/index.php\/wp-json\/wp\/v2\/comments?post=1373"}],"version-history":[{"count":1,"href":"https:\/\/fw-nk.de\/index.php\/wp-json\/wp\/v2\/posts\/1373\/revisions"}],"predecessor-version":[{"id":1374,"href":"https:\/\/fw-nk.de\/index.php\/wp-json\/wp\/v2\/posts\/1373\/revisions\/1374"}],"wp:attachment":[{"href":"https:\/\/fw-nk.de\/index.php\/wp-json\/wp\/v2\/media?parent=1373"}],"wp:term":[{"taxonomy":"category","embeddable":true,"href":"https:\/\/fw-nk.de\/index.php\/wp-json\/wp\/v2\/categories?post=1373"},{"taxonomy":"post_tag","embeddable":true,"href":"https:\/\/fw-nk.de\/index.php\/wp-json\/wp\/v2\/tags?post=1373"}],"curies":[{"name":"wp","href":"https:\/\/api.w.org\/{rel}","templated":true}]}}