{"id":1249,"date":"2024-07-10T12:59:41","date_gmt":"2024-07-10T12:59:41","guid":{"rendered":"https:\/\/fw-nk.de\/?p=1249"},"modified":"2024-07-11T13:23:47","modified_gmt":"2024-07-11T13:23:47","slug":"stadtrat-von-neunkirchen-konstituierte-sich","status":"publish","type":"post","link":"https:\/\/fw-nk.de\/index.php\/2024\/07\/10\/stadtrat-von-neunkirchen-konstituierte-sich\/","title":{"rendered":"Stadtrat von Neunkirchen konstituierte sich"},"content":{"rendered":"<p><strong>FREIE W\u00c4HLER Fraktion wird vertreten sein durch Michael Brenner, Brandon Lee Posse u, Marc Beinlich <img loading=\"lazy\" decoding=\"async\" class=\"alignright\" src=\"https:\/\/fw-nk.de\/wp-content\/uploads\/2019\/09\/FB-Butten.jpg\" alt=\"Stadtrat von Neunkirchen konstituierte sich\" width=\"208\" height=\"120\" \/><br \/>\n<\/strong><\/p>\n<p>Heute konstituierte sich der neu gew\u00e4hlte Stadtrat von Neunkirchen. In den n\u00e4chsten f\u00fcnf Jahre werden die FREIEN W\u00c4HLER mit einer eigenen Fraktion im Stadtrat vertreten sein und die Zukunft von Neunkirchen mitzugestalten.<br \/>\nBereits in der ersten Stadtratssitzung haben wir eine Anfrage zum aktuellen Sachstand bzgl. Austausch von kontaminiertem Sand auf Hochwasserbetroffenen Spielpl\u00e4tzen in der Kreisstadt Neunkirchen gestellt (siehe Anhang). Hier wurde uns durch den Oberb\u00fcrgermeister mitgeteilt, dass auf zwei von drei Spielpl\u00e4tzen bereits ein Austausch des Sandes erfolgte und die Spielger\u00e4te fachgerecht gereinigt wurden. Der Austausch des Sandes und die Reinigung der Spielger\u00e4te auf einem weiteren Spielplatz sollte bis sp\u00e4testens morgen erfolgen, sofern dies nicht schon bereits geschehen ist.<\/p>\n<p><img loading=\"lazy\" decoding=\"async\" class=\"aligncenter\" src=\"https:\/\/tsimg.cloud\/67234-12361\/904eab9f97bf616a1b7e67cf9d0ce1fb7a095826.jpg?_\" alt=\"Stadtrat von Neunkirchen konstituirt sich\" width=\"629\" height=\"398\" \/><\/p>\n<p>Die FREIE W\u00c4HLER Fraktion wird zuk\u00fcnftig vertreten sein durch: v.l.n.r. Michael Brenner (stellv. Fraktionsvorsitzender), Brandon Lee Posse (Fraktionsvorsitzender) und Marc Beinlich (stellv. Fraktionsvorsitzender)<\/p>\n<p><img loading=\"lazy\" decoding=\"async\" class=\"aligncenter\" src=\"https:\/\/tsimg.cloud\/67234-12361\/b8403314ddd7ae6f71ffee800a2878854350f9ab.jpg?_\" alt=\"Anfrage \" width=\"475\" height=\"625\" \/><\/p>\n<p>Solltet Ihr Fragen, Anregungen oder Belangen haben, dann k\u00f6nnt ihr uns diese gerne mitteilen.<\/p>\n","protected":false},"excerpt":{"rendered":"<div class=\"mh-excerpt\"><p>FREIE W\u00c4HLER Fraktion wird vertreten sein durch Michael Brenner, Brandon Lee Posse u, Marc Beinlich Heute konstituierte sich der neu gew\u00e4hlte Stadtrat von Neunkirchen. In <a class=\"mh-excerpt-more\" href=\"https:\/\/fw-nk.de\/index.php\/2024\/07\/10\/stadtrat-von-neunkirchen-konstituierte-sich\/\" title=\"Stadtrat von Neunkirchen konstituierte sich\">[&#8230;]<\/a><\/p>\n<div class=\"shariff shariff-align-flex-start shariff-widget-align-flex-start\" data-services=\"facebook\" data-url=\"https%3A%2F%2Ffw-nk.de%2Findex.php%2F2024%2F07%2F10%2Fstadtrat-von-neunkirchen-konstituierte-sich%2F\" data-timestamp=\"1720704227\" data-hidezero=\"1\" data-backendurl=\"https:\/\/fw-nk.de\/wp-json\/shariff\/v1\/share_counts?\"><ul class=\"shariff-buttons theme-round orientation-horizontal buttonsize-small\"><li class=\"shariff-button mastodon shariff-nocustomcolor\" style=\"background-color:#563ACC\"><a href=\"https:\/\/s2f.kytta.dev\/?text=Stadtrat%20von%20Neunkirchen%20konstituierte%20sich https%3A%2F%2Ffw-nk.de%2Findex.php%2F2024%2F07%2F10%2Fstadtrat-von-neunkirchen-konstituierte-sich%2F\" title=\"Bei Mastodon teilen\" aria-label=\"Bei Mastodon teilen\" role=\"button\" rel=\"noopener nofollow\" class=\"shariff-link\" style=\"; background-color:#6364FF; color:#fff\" target=\"_blank\"><span class=\"shariff-icon\" style=\"\"><svg width=\"75\" height=\"79\" viewBox=\"0 0 75 79\" fill=\"none\" xmlns=\"http:\/\/www.w3.org\/2000\/svg\"><path d=\"M37.813-.025C32.462-.058 27.114.13 21.79.598c-8.544.621-17.214 5.58-20.203 13.931C-1.12 23.318.408 32.622.465 41.65c.375 7.316.943 14.78 3.392 21.73 4.365 9.465 14.781 14.537 24.782 15.385 7.64.698 15.761-.213 22.517-4.026a54.1 54.1 0 0 0 .01-6.232c-6.855 1.316-14.101 2.609-21.049 1.074-3.883-.88-6.876-4.237-7.25-8.215-1.53-3.988 3.78-.43 5.584-.883 9.048 1.224 18.282.776 27.303-.462 7.044-.837 14.26-4.788 16.65-11.833 2.263-6.135 1.215-12.79 1.698-19.177.06-3.84.09-7.692-.262-11.52C72.596 7.844 63.223.981 53.834.684a219.453 219.453 0 0 0-16.022-.71zm11.294 12.882c5.5-.067 10.801 4.143 11.67 9.653.338 1.48.471 3 .471 4.515v21.088h-8.357c-.07-7.588.153-15.182-.131-22.765-.587-4.368-7.04-5.747-9.672-2.397-2.422 3.04-1.47 7.155-1.67 10.735v6.392h-8.307c-.146-4.996.359-10.045-.404-15.002-1.108-4.218-7.809-5.565-10.094-1.666-1.685 3.046-.712 6.634-.976 9.936v14.767h-8.354c.109-8.165-.238-16.344.215-24.5.674-5.346 5.095-10.389 10.676-10.627 4.902-.739 10.103 2.038 12.053 6.631.375 1.435 1.76 1.932 1.994.084 1.844-3.704 5.501-6.739 9.785-6.771.367-.044.735-.068 1.101-.073z\"\/><defs><linearGradient id=\"paint0_linear_549_34\" x1=\"37.0692\" y1=\"0\" x2=\"37.0692\" y2=\"79\" gradientUnits=\"userSpaceOnUse\"><stop stop-color=\"#6364FF\"\/><stop offset=\"1\" stop-color=\"#563ACC\"\/><\/linearGradient><\/defs><\/svg><\/span><\/a><\/li><li class=\"shariff-button facebook shariff-nocustomcolor\" style=\"background-color:#4273c8\"><a href=\"https:\/\/www.facebook.com\/sharer\/sharer.php?u=https%3A%2F%2Ffw-nk.de%2Findex.php%2F2024%2F07%2F10%2Fstadtrat-von-neunkirchen-konstituierte-sich%2F\" title=\"Bei Facebook teilen\" aria-label=\"Bei Facebook teilen\" role=\"button\" rel=\"nofollow\" class=\"shariff-link\" style=\"; background-color:#3b5998; color:#fff\" target=\"_blank\"><span class=\"shariff-icon\" style=\"\"><svg width=\"32px\" height=\"20px\" xmlns=\"http:\/\/www.w3.org\/2000\/svg\" viewBox=\"0 0 18 32\"><path fill=\"#3b5998\" d=\"M17.1 0.2v4.7h-2.8q-1.5 0-2.1 0.6t-0.5 1.9v3.4h5.2l-0.7 5.3h-4.5v13.6h-5.5v-13.6h-4.5v-5.3h4.5v-3.9q0-3.3 1.9-5.2t5-1.8q2.6 0 4.1 0.2z\"\/><\/svg><\/span><\/a><\/li><li class=\"shariff-button linkedin shariff-nocustomcolor\" style=\"background-color:#1488bf\"><a href=\"https:\/\/www.linkedin.com\/sharing\/share-offsite\/?url=https%3A%2F%2Ffw-nk.de%2Findex.php%2F2024%2F07%2F10%2Fstadtrat-von-neunkirchen-konstituierte-sich%2F\" title=\"Bei LinkedIn teilen\" aria-label=\"Bei LinkedIn teilen\" role=\"button\" rel=\"noopener nofollow\" class=\"shariff-link\" style=\"; background-color:#0077b5; color:#fff\" target=\"_blank\"><span class=\"shariff-icon\" style=\"\"><svg width=\"32px\" height=\"20px\" xmlns=\"http:\/\/www.w3.org\/2000\/svg\" viewBox=\"0 0 27 32\"><path fill=\"#0077b5\" d=\"M6.2 11.2v17.7h-5.9v-17.7h5.9zM6.6 5.7q0 1.3-0.9 2.2t-2.4 0.9h0q-1.5 0-2.4-0.9t-0.9-2.2 0.9-2.2 2.4-0.9 2.4 0.9 0.9 2.2zM27.4 18.7v10.1h-5.9v-9.5q0-1.9-0.7-2.9t-2.3-1.1q-1.1 0-1.9 0.6t-1.2 1.5q-0.2 0.5-0.2 1.4v9.9h-5.9q0-7.1 0-11.6t0-5.3l0-0.9h5.9v2.6h0q0.4-0.6 0.7-1t1-0.9 1.6-0.8 2-0.3q3 0 4.9 2t1.9 6z\"\/><\/svg><\/span><\/a><\/li><li class=\"shariff-button info shariff-nocustomcolor\" style=\"background-color:#eee\"><a href=\"http:\/\/ct.de\/-2467514\" title=\"Weitere Informationen\" aria-label=\"Weitere Informationen\" role=\"button\" rel=\"noopener \" class=\"shariff-link\" style=\"; background-color:#fff; color:#fff\" target=\"_blank\"><span class=\"shariff-icon\" style=\"\"><svg width=\"32px\" height=\"20px\" xmlns=\"http:\/\/www.w3.org\/2000\/svg\" viewBox=\"0 0 11 32\"><path fill=\"#999\" d=\"M11.4 24v2.3q0 0.5-0.3 0.8t-0.8 0.4h-9.1q-0.5 0-0.8-0.4t-0.4-0.8v-2.3q0-0.5 0.4-0.8t0.8-0.4h1.1v-6.8h-1.1q-0.5 0-0.8-0.4t-0.4-0.8v-2.3q0-0.5 0.4-0.8t0.8-0.4h6.8q0.5 0 0.8 0.4t0.4 0.8v10.3h1.1q0.5 0 0.8 0.4t0.3 0.8zM9.2 3.4v3.4q0 0.5-0.4 0.8t-0.8 0.4h-4.6q-0.4 0-0.8-0.4t-0.4-0.8v-3.4q0-0.4 0.4-0.8t0.8-0.4h4.6q0.5 0 0.8 0.4t0.4 0.8z\"\/><\/svg><\/span><\/a><\/li><\/ul><\/div><\/div>","protected":false},"author":1,"featured_media":0,"comment_status":"closed","ping_status":"closed","sticky":false,"template":"","format":"standard","meta":{"footnotes":""},"categories":[38,5],"tags":[56],"class_list":["post-1249","post","type-post","status-publish","format-standard","hentry","category-alle-meldungen","category-pressemeldungen","tag-stadtrat"],"_links":{"self":[{"href":"https:\/\/fw-nk.de\/index.php\/wp-json\/wp\/v2\/posts\/1249","targetHints":{"allow":["GET"]}}],"collection":[{"href":"https:\/\/fw-nk.de\/index.php\/wp-json\/wp\/v2\/posts"}],"about":[{"href":"https:\/\/fw-nk.de\/index.php\/wp-json\/wp\/v2\/types\/post"}],"author":[{"embeddable":true,"href":"https:\/\/fw-nk.de\/index.php\/wp-json\/wp\/v2\/users\/1"}],"replies":[{"embeddable":true,"href":"https:\/\/fw-nk.de\/index.php\/wp-json\/wp\/v2\/comments?post=1249"}],"version-history":[{"count":3,"href":"https:\/\/fw-nk.de\/index.php\/wp-json\/wp\/v2\/posts\/1249\/revisions"}],"predecessor-version":[{"id":1254,"href":"https:\/\/fw-nk.de\/index.php\/wp-json\/wp\/v2\/posts\/1249\/revisions\/1254"}],"wp:attachment":[{"href":"https:\/\/fw-nk.de\/index.php\/wp-json\/wp\/v2\/media?parent=1249"}],"wp:term":[{"taxonomy":"category","embeddable":true,"href":"https:\/\/fw-nk.de\/index.php\/wp-json\/wp\/v2\/categories?post=1249"},{"taxonomy":"post_tag","embeddable":true,"href":"https:\/\/fw-nk.de\/index.php\/wp-json\/wp\/v2\/tags?post=1249"}],"curies":[{"name":"wp","href":"https:\/\/api.w.org\/{rel}","templated":true}]}}